{"id":211,"count":7,"description":"Yann Arthus-Bertrand a parcouru le monde pendant quinze ans pour r\u00e9aliser sa s\u00e9rie sur les Chevaux.\r\n\r\nQuinze ann\u00e9es de prises de vue pour proposer un atlas mondial du cheval tr\u00e8s personnel o\u00f9, encore plus que la beaut\u00e9 et la diversit\u00e9 des races, il a voulu montrer le lien fascinant qui unit, depuis les origines, l\u2019homme et l\u2019animal.\r\n\r\nYann aime les paysans; \u00ab\u00a0Nous sommes tous fils ou petit-fils de paysans. Nos racines sont dans la terre, celle que cultivaient nos anc\u00eatres. Ces gens qui exercent ce m\u00e9tier difficile ont conserv\u00e9 une proximit\u00e9 r\u00e9elle, sensible, avec le monde animal et la nature. Ils ont un rapport tr\u00e8s tendre avec l\u2019animal.\u00a0\u00bb\r\n\r\nPour photographier les chevaux, Yann Arthus-Bertrand et son \u00e9quipe sont all\u00e9s aux quatre coins du monde avec une b\u00e2che en guise de fond.\r\n\r\n\u00ab Les gens ne comprenaient pas\u00a0; pourquoi venir de si loin et ne pas profiter du paysage?\u00a0Photographier la b\u00e2che en cadrant plus largement permet de mettre en avant la relation entre l\u2019animal et son \u00e9leveur tout en les restituant dans leur environnement naturel.\u00bb","link":"https:\/\/www.yannarthusbertrandphoto.com\/fr\/categorie-produit\/les-chevaux\/","name":"Les chevaux","slug":"les-chevaux","taxonomy":"product_cat","parent":0,"meta":[],"yoast_head":"<!-- This site is optimized with the Yoast SEO plugin v19.10 - https:\/\/yoast.com\/wordpress\/plugins\/seo\/ -->\n<title>YANN ARTHUS-BERTRAND PHOTO | Les Chevaux | Officiel<\/title>\n<meta name=\"description\" content=\"YAB PHOTO | La s\u00e9rie sur les chevaux, quinze ann\u00e9es de prises de vue pour proposer un atlas mondial du cheval tr\u00e8s personnel o\u00f9 il a voulu montrer le lien fascinant qui unit, depuis les origines, l\u2019homme et l\u2019animal. Acqu\u00e9rir une oeuvre sign\u00e9e et en Editions Limit\u00e9es | YABPHOTO.COM\" \/>\n<meta name=\"robots\" content=\"index, follow, max-snippet:-1, max-image-preview:large, max-video-preview:-1\" \/>\n<link rel=\"canonical\" href=\"https:\/\/www.yannarthusbertrandphoto.com\/fr\/categorie-produit\/les-chevaux\/\" \/>\n<meta property=\"og:locale\" content=\"fr_FR\" \/>\n<meta property=\"og:type\" content=\"article\" \/>\n<meta property=\"og:title\" content=\"YANN ARTHUS-BERTRAND PHOTO | Les Chevaux | Officiel\" \/>\n<meta property=\"og:description\" content=\"YAB PHOTO | La s\u00e9rie sur les chevaux, quinze ann\u00e9es de prises de vue pour proposer un atlas mondial du cheval tr\u00e8s personnel o\u00f9 il a voulu montrer le lien fascinant qui unit, depuis les origines, l\u2019homme et l\u2019animal. Acqu\u00e9rir une oeuvre sign\u00e9e et en Editions Limit\u00e9es | YABPHOTO.COM\" \/>\n<meta property=\"og:url\" content=\"https:\/\/www.yannarthusbertrandphoto.com\/fr\/categorie-produit\/les-chevaux\/\" \/>\n<meta property=\"og:site_name\" content=\"Yann Arthus-Bertrand\" \/>\n<meta property=\"og:image\" content=\"https:\/\/www.yannarthusbertrandphoto.com\/wp-content\/uploads\/2018\/05\/bch-expo-032c.jpg\" \/>\n<meta name=\"twitter:card\" content=\"summary_large_image\" \/>\n<meta name=\"twitter:title\" content=\"YANN ARTHUS-BERTRAND PHOTO | Les Chevaux | Officiel\" \/>\n<meta name=\"twitter:description\" content=\"YAB PHOTO | La s\u00e9rie sur les chevaux, quinze ann\u00e9es de prises de vue pour proposer un atlas mondial du cheval tr\u00e8s personnel o\u00f9 il a voulu montrer le lien fascinant qui unit, depuis les origines, l\u2019homme et l\u2019animal. Acqu\u00e9rir une oeuvre sign\u00e9e et en Editions Limit\u00e9es | YABPHOTO.COM\" \/>\n<meta name=\"twitter:image\" content=\"https:\/\/www.yannarthusbertrandphoto.com\/wp-content\/uploads\/2018\/05\/bch-expo-032c.jpg\" \/>\n<meta name=\"twitter:site\" content=\"@Yann_A_B\" \/>\n<script type=\"application\/ld+json\" class=\"yoast-schema-graph\">{\"@context\":\"https:\/\/schema.org\",\"@graph\":[{\"@type\":\"CollectionPage\",\"@id\":\"https:\/\/www.yannarthusbertrandphoto.com\/fr\/categorie-produit\/les-chevaux\/\",\"url\":\"https:\/\/www.yannarthusbertrandphoto.com\/fr\/categorie-produit\/les-chevaux\/\",\"name\":\"YANN ARTHUS-BERTRAND PHOTO | Les Chevaux | Officiel\",\"isPartOf\":{\"@id\":\"https:\/\/www.yannarthusbertrandphoto.com\/fr\/#website\"},\"description\":\"YAB PHOTO | La s\u00e9rie sur les chevaux, quinze ann\u00e9es de prises de vue pour proposer un atlas mondial du cheval tr\u00e8s personnel o\u00f9 il a voulu montrer le lien fascinant qui unit, depuis les origines, l\u2019homme et l\u2019animal. Acqu\u00e9rir une oeuvre sign\u00e9e et en Editions Limit\u00e9es | YABPHOTO.COM\",\"breadcrumb\":{\"@id\":\"https:\/\/www.yannarthusbertrandphoto.com\/fr\/categorie-produit\/les-chevaux\/#breadcrumb\"},\"inLanguage\":\"fr-FR\"},{\"@type\":\"BreadcrumbList\",\"@id\":\"https:\/\/www.yannarthusbertrandphoto.com\/fr\/categorie-produit\/les-chevaux\/#breadcrumb\",\"itemListElement\":[{\"@type\":\"ListItem\",\"position\":1,\"name\":\"Accueil\",\"item\":\"https:\/\/www.yannarthusbertrandphoto.com\/fr\/\"},{\"@type\":\"ListItem\",\"position\":2,\"name\":\"Les chevaux\"}]},{\"@type\":\"WebSite\",\"@id\":\"https:\/\/www.yannarthusbertrandphoto.com\/fr\/#website\",\"url\":\"https:\/\/www.yannarthusbertrandphoto.com\/fr\/\",\"name\":\"Yann Arthus-Bertrand\",\"description\":\"Site officiel d\u00e9di\u00e9 \u00e0 l\u2019\u0153uvre photographique de Yann Arthus-Bertrand\",\"publisher\":{\"@id\":\"https:\/\/www.yannarthusbertrandphoto.com\/fr\/#organization\"},\"potentialAction\":[{\"@type\":\"SearchAction\",\"target\":{\"@type\":\"EntryPoint\",\"urlTemplate\":\"https:\/\/www.yannarthusbertrandphoto.com\/fr\/?s={search_term_string}\"},\"query-input\":\"required name=search_term_string\"}],\"inLanguage\":\"fr-FR\"},{\"@type\":\"Organization\",\"@id\":\"https:\/\/www.yannarthusbertrandphoto.com\/fr\/#organization\",\"name\":\"Alfie Be\",\"url\":\"https:\/\/www.yannarthusbertrandphoto.com\/fr\/\",\"logo\":{\"@type\":\"ImageObject\",\"inLanguage\":\"fr-FR\",\"@id\":\"https:\/\/www.yannarthusbertrandphoto.com\/fr\/#\/schema\/logo\/image\/\",\"url\":\"https:\/\/www.yannarthusbertrandphoto.com\/wp-content\/uploads\/2018\/01\/yab_logo_black.svg\",\"contentUrl\":\"https:\/\/www.yannarthusbertrandphoto.com\/wp-content\/uploads\/2018\/01\/yab_logo_black.svg\",\"caption\":\"Alfie Be\"},\"image\":{\"@id\":\"https:\/\/www.yannarthusbertrandphoto.com\/fr\/#\/schema\/logo\/image\/\"},\"sameAs\":[\"https:\/\/www.instagram.com\/yannarthusbertrand\/\",\"https:\/\/www.youtube.com\/user\/yannarthusbertrand\",\"https:\/\/www.facebook.com\/Y.A.Bertrand\/\",\"https:\/\/twitter.com\/Yann_A_B\"]}]}<\/script>\n<!-- \/ Yoast SEO plugin. -->","yoast_head_json":{"title":"YANN ARTHUS-BERTRAND PHOTO | Les Chevaux | Officiel","description":"YAB PHOTO | La s\u00e9rie sur les chevaux, quinze ann\u00e9es de prises de vue pour proposer un atlas mondial du cheval tr\u00e8s personnel o\u00f9 il a voulu montrer le lien fascinant qui unit, depuis les origines, l\u2019homme et l\u2019animal. Acqu\u00e9rir une oeuvre sign\u00e9e et en Editions Limit\u00e9es | YABPHOTO.COM","robots":{"index":"index","follow":"follow","max-snippet":"max-snippet:-1","max-image-preview":"max-image-preview:large","max-video-preview":"max-video-preview:-1"},"canonical":"https:\/\/www.yannarthusbertrandphoto.com\/fr\/categorie-produit\/les-chevaux\/","og_locale":"fr_FR","og_type":"article","og_title":"YANN ARTHUS-BERTRAND PHOTO | Les Chevaux | Officiel","og_description":"YAB PHOTO | La s\u00e9rie sur les chevaux, quinze ann\u00e9es de prises de vue pour proposer un atlas mondial du cheval tr\u00e8s personnel o\u00f9 il a voulu montrer le lien fascinant qui unit, depuis les origines, l\u2019homme et l\u2019animal. Acqu\u00e9rir une oeuvre sign\u00e9e et en Editions Limit\u00e9es | YABPHOTO.COM","og_url":"https:\/\/www.yannarthusbertrandphoto.com\/fr\/categorie-produit\/les-chevaux\/","og_site_name":"Yann Arthus-Bertrand","og_image":[{"url":"https:\/\/www.yannarthusbertrandphoto.com\/wp-content\/uploads\/2018\/05\/bch-expo-032c.jpg"}],"twitter_card":"summary_large_image","twitter_title":"YANN ARTHUS-BERTRAND PHOTO | Les Chevaux | Officiel","twitter_description":"YAB PHOTO | La s\u00e9rie sur les chevaux, quinze ann\u00e9es de prises de vue pour proposer un atlas mondial du cheval tr\u00e8s personnel o\u00f9 il a voulu montrer le lien fascinant qui unit, depuis les origines, l\u2019homme et l\u2019animal. Acqu\u00e9rir une oeuvre sign\u00e9e et en Editions Limit\u00e9es | YABPHOTO.COM","twitter_image":"https:\/\/www.yannarthusbertrandphoto.com\/wp-content\/uploads\/2018\/05\/bch-expo-032c.jpg","twitter_site":"@Yann_A_B","schema":{"@context":"https:\/\/schema.org","@graph":[{"@type":"CollectionPage","@id":"https:\/\/www.yannarthusbertrandphoto.com\/fr\/categorie-produit\/les-chevaux\/","url":"https:\/\/www.yannarthusbertrandphoto.com\/fr\/categorie-produit\/les-chevaux\/","name":"YANN ARTHUS-BERTRAND PHOTO | Les Chevaux | Officiel","isPartOf":{"@id":"https:\/\/www.yannarthusbertrandphoto.com\/fr\/#website"},"description":"YAB PHOTO | La s\u00e9rie sur les chevaux, quinze ann\u00e9es de prises de vue pour proposer un atlas mondial du cheval tr\u00e8s personnel o\u00f9 il a voulu montrer le lien fascinant qui unit, depuis les origines, l\u2019homme et l\u2019animal. Acqu\u00e9rir une oeuvre sign\u00e9e et en Editions Limit\u00e9es | YABPHOTO.COM","breadcrumb":{"@id":"https:\/\/www.yannarthusbertrandphoto.com\/fr\/categorie-produit\/les-chevaux\/#breadcrumb"},"inLanguage":"fr-FR"},{"@type":"BreadcrumbList","@id":"https:\/\/www.yannarthusbertrandphoto.com\/fr\/categorie-produit\/les-chevaux\/#breadcrumb","itemListElement":[{"@type":"ListItem","position":1,"name":"Accueil","item":"https:\/\/www.yannarthusbertrandphoto.com\/fr\/"},{"@type":"ListItem","position":2,"name":"Les chevaux"}]},{"@type":"WebSite","@id":"https:\/\/www.yannarthusbertrandphoto.com\/fr\/#website","url":"https:\/\/www.yannarthusbertrandphoto.com\/fr\/","name":"Yann Arthus-Bertrand","description":"Site officiel d\u00e9di\u00e9 \u00e0 l\u2019\u0153uvre photographique de Yann Arthus-Bertrand","publisher":{"@id":"https:\/\/www.yannarthusbertrandphoto.com\/fr\/#organization"},"potentialAction":[{"@type":"SearchAction","target":{"@type":"EntryPoint","urlTemplate":"https:\/\/www.yannarthusbertrandphoto.com\/fr\/?s={search_term_string}"},"query-input":"required name=search_term_string"}],"inLanguage":"fr-FR"},{"@type":"Organization","@id":"https:\/\/www.yannarthusbertrandphoto.com\/fr\/#organization","name":"Alfie Be","url":"https:\/\/www.yannarthusbertrandphoto.com\/fr\/","logo":{"@type":"ImageObject","inLanguage":"fr-FR","@id":"https:\/\/www.yannarthusbertrandphoto.com\/fr\/#\/schema\/logo\/image\/","url":"https:\/\/www.yannarthusbertrandphoto.com\/wp-content\/uploads\/2018\/01\/yab_logo_black.svg","contentUrl":"https:\/\/www.yannarthusbertrandphoto.com\/wp-content\/uploads\/2018\/01\/yab_logo_black.svg","caption":"Alfie Be"},"image":{"@id":"https:\/\/www.yannarthusbertrandphoto.com\/fr\/#\/schema\/logo\/image\/"},"sameAs":["https:\/\/www.instagram.com\/yannarthusbertrand\/","https:\/\/www.youtube.com\/user\/yannarthusbertrand","https:\/\/www.facebook.com\/Y.A.Bertrand\/","https:\/\/twitter.com\/Yann_A_B"]}]}},"_links":{"self":[{"href":"https:\/\/www.yannarthusbertrandphoto.com\/fr\/wp-json\/wp\/v2\/product_cat\/211"}],"collection":[{"href":"https:\/\/www.yannarthusbertrandphoto.com\/fr\/wp-json\/wp\/v2\/product_cat"}],"about":[{"href":"https:\/\/www.yannarthusbertrandphoto.com\/fr\/wp-json\/wp\/v2\/taxonomies\/product_cat"}],"wp:post_type":[{"href":"https:\/\/www.yannarthusbertrandphoto.com\/fr\/wp-json\/wp\/v2\/product?product_cat=211"}],"curies":[{"name":"wp","href":"https:\/\/api.w.org\/{rel}","templated":true}]}}